{"id":520,"date":"2014-06-22T22:00:55","date_gmt":"2014-06-22T20:00:55","guid":{"rendered":"https:\/\/www.semillasdelarte.com\/?p=520"},"modified":"2014-07-13T15:21:03","modified_gmt":"2014-07-13T13:21:03","slug":"festival-infantil-junio-2014","status":"publish","type":"post","link":"https:\/\/www.semillasdelarte.com\/?p=520","title":{"rendered":"Festival Infantil Junio 2014"},"content":{"rendered":"<p style=\"text-align: justify;\">Las escuelas de danza cierran el curso 2013-2014 mostrando los bailes que han aprendido a lo largo del a\u00f1o.<\/p>\n<p style=\"text-align: justify;\">Ni\u00f1os entre 4 y 15 a\u00f1os participan en este festival tan especial.<\/p>\n<p style=\"text-align: justify;\">Buena muestra de lo vivido son estas fotos que nuestra siempre seguidora y amiga Natalia Velasco inmortaliz\u00f3 durante el evento. Aqu\u00ed os las dejamos para que disfrut\u00e9is&#8230;<\/p>\n<div id='gallery-1' class='gallery galleryid-520 gallery-columns-3 gallery-size-thumbnail'><dl class='gallery-item'>\n\t\t\t<dt class='gallery-icon landscape'>\n\t\t\t\t<a href='https:\/\/www.semillasdelarte.com\/?attachment_id=521'><img loading=\"lazy\" decoding=\"async\" width=\"150\" height=\"150\" src=\"https:\/\/www.semillasdelarte.com\/wp-content\/images\/Festival-Infantil-10-150x150.jpg\" class=\"attachment-thumbnail size-thumbnail\" alt=\"\" \/><\/a>\n\t\t\t<\/dt><\/dl><dl class='gallery-item'>\n\t\t\t<dt class='gallery-icon landscape'>\n\t\t\t\t<a href='https:\/\/www.semillasdelarte.com\/?attachment_id=522'><img loading=\"lazy\" decoding=\"async\" width=\"150\" height=\"150\" src=\"https:\/\/www.semillasdelarte.com\/wp-content\/images\/Festival-Infantil-01-150x150.jpg\" class=\"attachment-thumbnail size-thumbnail\" alt=\"\" \/><\/a>\n\t\t\t<\/dt><\/dl><dl class='gallery-item'>\n\t\t\t<dt class='gallery-icon landscape'>\n\t\t\t\t<a href='https:\/\/www.semillasdelarte.com\/?attachment_id=523'><img loading=\"lazy\" decoding=\"async\" width=\"150\" height=\"150\" src=\"https:\/\/www.semillasdelarte.com\/wp-content\/images\/Festival-Infantil-02-150x150.jpg\" class=\"attachment-thumbnail size-thumbnail\" alt=\"\" \/><\/a>\n\t\t\t<\/dt><\/dl><br style=\"clear: both\" \/><dl class='gallery-item'>\n\t\t\t<dt class='gallery-icon landscape'>\n\t\t\t\t<a href='https:\/\/www.semillasdelarte.com\/?attachment_id=524'><img loading=\"lazy\" decoding=\"async\" width=\"150\" height=\"150\" src=\"https:\/\/www.semillasdelarte.com\/wp-content\/images\/Festival-Infantil-03-150x150.jpg\" class=\"attachment-thumbnail size-thumbnail\" alt=\"\" \/><\/a>\n\t\t\t<\/dt><\/dl><dl class='gallery-item'>\n\t\t\t<dt class='gallery-icon portrait'>\n\t\t\t\t<a href='https:\/\/www.semillasdelarte.com\/?attachment_id=525'><img loading=\"lazy\" decoding=\"async\" width=\"150\" height=\"150\" src=\"https:\/\/www.semillasdelarte.com\/wp-content\/images\/Festival-Infantil-04-150x150.jpg\" class=\"attachment-thumbnail size-thumbnail\" alt=\"\" \/><\/a>\n\t\t\t<\/dt><\/dl><dl class='gallery-item'>\n\t\t\t<dt class='gallery-icon landscape'>\n\t\t\t\t<a href='https:\/\/www.semillasdelarte.com\/?attachment_id=526'><img loading=\"lazy\" decoding=\"async\" width=\"150\" height=\"150\" src=\"https:\/\/www.semillasdelarte.com\/wp-content\/images\/Festival-Infantil-05-150x150.jpg\" class=\"attachment-thumbnail size-thumbnail\" alt=\"\" \/><\/a>\n\t\t\t<\/dt><\/dl><br style=\"clear: both\" \/><dl class='gallery-item'>\n\t\t\t<dt class='gallery-icon portrait'>\n\t\t\t\t<a href='https:\/\/www.semillasdelarte.com\/?attachment_id=527'><img loading=\"lazy\" decoding=\"async\" width=\"150\" height=\"150\" src=\"https:\/\/www.semillasdelarte.com\/wp-content\/images\/Festival-Infantil-06-150x150.jpg\" class=\"attachment-thumbnail size-thumbnail\" alt=\"\" \/><\/a>\n\t\t\t<\/dt><\/dl><dl class='gallery-item'>\n\t\t\t<dt class='gallery-icon portrait'>\n\t\t\t\t<a href='https:\/\/www.semillasdelarte.com\/?attachment_id=528'><img loading=\"lazy\" decoding=\"async\" width=\"150\" height=\"150\" src=\"https:\/\/www.semillasdelarte.com\/wp-content\/images\/Festival-Infantil-07-150x150.jpg\" class=\"attachment-thumbnail size-thumbnail\" alt=\"\" \/><\/a>\n\t\t\t<\/dt><\/dl><dl class='gallery-item'>\n\t\t\t<dt class='gallery-icon landscape'>\n\t\t\t\t<a href='https:\/\/www.semillasdelarte.com\/?attachment_id=529'><img loading=\"lazy\" decoding=\"async\" width=\"150\" height=\"150\" src=\"https:\/\/www.semillasdelarte.com\/wp-content\/images\/Festival-Infantil-08-150x150.jpg\" class=\"attachment-thumbnail size-thumbnail\" alt=\"\" \/><\/a>\n\t\t\t<\/dt><\/dl><br style=\"clear: both\" \/><dl class='gallery-item'>\n\t\t\t<dt class='gallery-icon landscape'>\n\t\t\t\t<a href='https:\/\/www.semillasdelarte.com\/?attachment_id=530'><img loading=\"lazy\" decoding=\"async\" width=\"150\" height=\"150\" src=\"https:\/\/www.semillasdelarte.com\/wp-content\/images\/Festival-Infantil-09-150x150.jpg\" class=\"attachment-thumbnail size-thumbnail\" alt=\"\" \/><\/a>\n\t\t\t<\/dt><\/dl>\n\t\t\t<br style='clear: both' \/>\n\t\t<\/div>\n\n","protected":false},"excerpt":{"rendered":"<p>Las escuelas de danza cierran el curso 2013-2014 mostrando los bailes que han aprendido a lo largo del a\u00f1o. Ni\u00f1os entre 4 y 15 a\u00f1os participan en este festival tan especial. Buena muestra de lo vivido son estas fotos que &hellip; <a href=\"https:\/\/www.semillasdelarte.com\/?p=520\">Sigue leyendo <span class=\"meta-nav\">&rarr;<\/span><\/a><\/p>\n","protected":false},"author":1,"featured_media":0,"comment_status":"closed","ping_status":"closed","sticky":false,"template":"","format":"standard","meta":{"footnotes":""},"categories":[1],"tags":[],"class_list":["post-520","post","type-post","status-publish","format-standard","hentry","category-sin-categoria"],"_links":{"self":[{"href":"https:\/\/www.semillasdelarte.com\/index.php?rest_route=\/wp\/v2\/posts\/520"}],"collection":[{"href":"https:\/\/www.semillasdelarte.com\/index.php?rest_route=\/wp\/v2\/posts"}],"about":[{"href":"https:\/\/www.semillasdelarte.com\/index.php?rest_route=\/wp\/v2\/types\/post"}],"author":[{"embeddable":true,"href":"https:\/\/www.semillasdelarte.com\/index.php?rest_route=\/wp\/v2\/users\/1"}],"replies":[{"embeddable":true,"href":"https:\/\/www.semillasdelarte.com\/index.php?rest_route=%2Fwp%2Fv2%2Fcomments&post=520"}],"version-history":[{"count":3,"href":"https:\/\/www.semillasdelarte.com\/index.php?rest_route=\/wp\/v2\/posts\/520\/revisions"}],"predecessor-version":[{"id":533,"href":"https:\/\/www.semillasdelarte.com\/index.php?rest_route=\/wp\/v2\/posts\/520\/revisions\/533"}],"wp:attachment":[{"href":"https:\/\/www.semillasdelarte.com\/index.php?rest_route=%2Fwp%2Fv2%2Fmedia&parent=520"}],"wp:term":[{"taxonomy":"category","embeddable":true,"href":"https:\/\/www.semillasdelarte.com\/index.php?rest_route=%2Fwp%2Fv2%2Fcategories&post=520"},{"taxonomy":"post_tag","embeddable":true,"href":"https:\/\/www.semillasdelarte.com\/index.php?rest_route=%2Fwp%2Fv2%2Ftags&post=520"}],"curies":[{"name":"wp","href":"https:\/\/api.w.org\/{rel}","templated":true}]}}