{"id":454,"date":"2014-04-27T16:36:04","date_gmt":"2014-04-27T14:36:04","guid":{"rendered":"https:\/\/www.semillasdelarte.com\/?p=454"},"modified":"2014-07-13T14:17:28","modified_gmt":"2014-07-13T12:17:28","slug":"dia-internacional-de-la-danza","status":"publish","type":"post","link":"https:\/\/www.semillasdelarte.com\/?p=454","title":{"rendered":"D\u00eda Internacional de la danza"},"content":{"rendered":"<p style=\"text-align: justify;\">Semillas del Arte celebra el d\u00eda internacional de la danza saliendo a bailar y cantar por distintas calles y plazas de la localidad, haciendo part\u00edcipe de tal evento a todos los pueblanos.<br \/>\nLos ni\u00f1os de las escuelas infantiles nos intrepetaron los bailes aprendidos durante el curso y los mayores del pueblo les acompa\u00f1aron en este gran d\u00eda de la danza.<\/p>\n<p style=\"text-align: justify;\">Previo al evento nuestro director, Ces\u00e1reo Mor\u00f3n nos deleit\u00f3 con la conferencia \u00abLa canci\u00f3n y la danza en el folklore\u00bb dedicado al gran bailar\u00edn y core\u00f3grafo Juan Jos\u00e9 Linares Martia\u00f1ez quien fue fundador de nuestra agrupaci\u00f3n.<\/p>\n<div id='gallery-1' class='gallery galleryid-454 gallery-columns-3 gallery-size-thumbnail'><dl class='gallery-item'>\n\t\t\t<dt class='gallery-icon landscape'>\n\t\t\t\t<a href='https:\/\/www.semillasdelarte.com\/?attachment_id=460'><img loading=\"lazy\" decoding=\"async\" width=\"150\" height=\"150\" src=\"https:\/\/www.semillasdelarte.com\/wp-content\/images\/SAM_7852-150x150.jpg\" class=\"attachment-thumbnail size-thumbnail\" alt=\"\" \/><\/a>\n\t\t\t<\/dt><\/dl><dl class='gallery-item'>\n\t\t\t<dt class='gallery-icon landscape'>\n\t\t\t\t<a href='https:\/\/www.semillasdelarte.com\/?attachment_id=459'><img loading=\"lazy\" decoding=\"async\" width=\"150\" height=\"150\" src=\"https:\/\/www.semillasdelarte.com\/wp-content\/images\/SAM_7855-150x150.jpg\" class=\"attachment-thumbnail size-thumbnail\" alt=\"\" \/><\/a>\n\t\t\t<\/dt><\/dl><dl class='gallery-item'>\n\t\t\t<dt class='gallery-icon landscape'>\n\t\t\t\t<a href='https:\/\/www.semillasdelarte.com\/?attachment_id=462'><img loading=\"lazy\" decoding=\"async\" width=\"150\" height=\"150\" src=\"https:\/\/www.semillasdelarte.com\/wp-content\/images\/SAM_7851-150x150.jpg\" class=\"attachment-thumbnail size-thumbnail\" alt=\"\" \/><\/a>\n\t\t\t<\/dt><\/dl><br style=\"clear: both\" \/><dl class='gallery-item'>\n\t\t\t<dt class='gallery-icon landscape'>\n\t\t\t\t<a href='https:\/\/www.semillasdelarte.com\/?attachment_id=463'><img loading=\"lazy\" decoding=\"async\" width=\"150\" height=\"150\" src=\"https:\/\/www.semillasdelarte.com\/wp-content\/images\/SAM_7892-150x150.jpg\" class=\"attachment-thumbnail size-thumbnail\" alt=\"\" \/><\/a>\n\t\t\t<\/dt><\/dl><dl class='gallery-item'>\n\t\t\t<dt class='gallery-icon portrait'>\n\t\t\t\t<a href='https:\/\/www.semillasdelarte.com\/?attachment_id=464'><img loading=\"lazy\" decoding=\"async\" width=\"150\" height=\"150\" src=\"https:\/\/www.semillasdelarte.com\/wp-content\/images\/SAM_7906-150x150.jpg\" class=\"attachment-thumbnail size-thumbnail\" alt=\"\" \/><\/a>\n\t\t\t<\/dt><\/dl><dl class='gallery-item'>\n\t\t\t<dt class='gallery-icon landscape'>\n\t\t\t\t<a href='https:\/\/www.semillasdelarte.com\/?attachment_id=465'><img loading=\"lazy\" decoding=\"async\" width=\"150\" height=\"150\" src=\"https:\/\/www.semillasdelarte.com\/wp-content\/images\/SAM_7910-150x150.jpg\" class=\"attachment-thumbnail size-thumbnail\" alt=\"\" \/><\/a>\n\t\t\t<\/dt><\/dl><br style=\"clear: both\" \/><dl class='gallery-item'>\n\t\t\t<dt class='gallery-icon landscape'>\n\t\t\t\t<a href='https:\/\/www.semillasdelarte.com\/?attachment_id=455'><img loading=\"lazy\" decoding=\"async\" width=\"150\" height=\"150\" src=\"https:\/\/www.semillasdelarte.com\/wp-content\/images\/SAM_7927-150x150.jpg\" class=\"attachment-thumbnail size-thumbnail\" alt=\"\" \/><\/a>\n\t\t\t<\/dt><\/dl><dl class='gallery-item'>\n\t\t\t<dt class='gallery-icon landscape'>\n\t\t\t\t<a href='https:\/\/www.semillasdelarte.com\/?attachment_id=466'><img loading=\"lazy\" decoding=\"async\" width=\"150\" height=\"150\" src=\"https:\/\/www.semillasdelarte.com\/wp-content\/images\/SAM_7940_2-150x150.jpg\" class=\"attachment-thumbnail size-thumbnail\" alt=\"\" \/><\/a>\n\t\t\t<\/dt><\/dl><dl class='gallery-item'>\n\t\t\t<dt class='gallery-icon landscape'>\n\t\t\t\t<a href='https:\/\/www.semillasdelarte.com\/?attachment_id=467'><img loading=\"lazy\" decoding=\"async\" width=\"150\" height=\"150\" src=\"https:\/\/www.semillasdelarte.com\/wp-content\/images\/SAM_7957-150x150.jpg\" class=\"attachment-thumbnail size-thumbnail\" alt=\"\" \/><\/a>\n\t\t\t<\/dt><\/dl><br style=\"clear: both\" \/><dl class='gallery-item'>\n\t\t\t<dt class='gallery-icon landscape'>\n\t\t\t\t<a href='https:\/\/www.semillasdelarte.com\/?attachment_id=468'><img loading=\"lazy\" decoding=\"async\" width=\"150\" height=\"150\" src=\"https:\/\/www.semillasdelarte.com\/wp-content\/images\/SAM_7972-150x150.jpg\" class=\"attachment-thumbnail size-thumbnail\" alt=\"\" \/><\/a>\n\t\t\t<\/dt><\/dl><dl class='gallery-item'>\n\t\t\t<dt class='gallery-icon landscape'>\n\t\t\t\t<a href='https:\/\/www.semillasdelarte.com\/?attachment_id=469'><img loading=\"lazy\" decoding=\"async\" width=\"150\" height=\"150\" src=\"https:\/\/www.semillasdelarte.com\/wp-content\/images\/SAM_7982-150x150.jpg\" class=\"attachment-thumbnail size-thumbnail\" alt=\"\" \/><\/a>\n\t\t\t<\/dt><\/dl><dl class='gallery-item'>\n\t\t\t<dt class='gallery-icon landscape'>\n\t\t\t\t<a href='https:\/\/www.semillasdelarte.com\/?attachment_id=470'><img loading=\"lazy\" decoding=\"async\" width=\"150\" height=\"150\" src=\"https:\/\/www.semillasdelarte.com\/wp-content\/images\/SAM_7986-150x150.jpg\" class=\"attachment-thumbnail size-thumbnail\" alt=\"\" \/><\/a>\n\t\t\t<\/dt><\/dl><br style=\"clear: both\" \/><dl class='gallery-item'>\n\t\t\t<dt class='gallery-icon landscape'>\n\t\t\t\t<a href='https:\/\/www.semillasdelarte.com\/?attachment_id=471'><img loading=\"lazy\" decoding=\"async\" width=\"150\" height=\"150\" src=\"https:\/\/www.semillasdelarte.com\/wp-content\/images\/SAM_7987-150x150.jpg\" class=\"attachment-thumbnail size-thumbnail\" alt=\"\" \/><\/a>\n\t\t\t<\/dt><\/dl><dl class='gallery-item'>\n\t\t\t<dt class='gallery-icon landscape'>\n\t\t\t\t<a href='https:\/\/www.semillasdelarte.com\/?attachment_id=457'><img loading=\"lazy\" decoding=\"async\" width=\"150\" height=\"150\" src=\"https:\/\/www.semillasdelarte.com\/wp-content\/images\/SAM_7981-150x150.jpg\" class=\"attachment-thumbnail size-thumbnail\" alt=\"\" \/><\/a>\n\t\t\t<\/dt><\/dl>\n\t\t\t<br style='clear: both' \/>\n\t\t<\/div>\n\n<p><a title=\"Noticia ABC\" href=\"http:\/\/www.abc.es\/toledo\/20140424\/abcp-semillas-arte-celebra-internacional-20140424.html\" target=\"_blank\">ABC: \u00abSemillas celebra el d\u00eda internacional de la danza\u00bb<\/a><\/p>\n","protected":false},"excerpt":{"rendered":"<p>Semillas del Arte celebra el d\u00eda internacional de la danza saliendo a bailar y cantar por distintas calles y plazas de la localidad, haciendo part\u00edcipe de tal evento a todos los pueblanos. Los ni\u00f1os de las escuelas infantiles nos intrepetaron &hellip; <a href=\"https:\/\/www.semillasdelarte.com\/?p=454\">Sigue leyendo <span class=\"meta-nav\">&rarr;<\/span><\/a><\/p>\n","protected":false},"author":1,"featured_media":457,"comment_status":"closed","ping_status":"closed","sticky":false,"template":"","format":"standard","meta":{"footnotes":""},"categories":[7],"tags":[],"class_list":["post-454","post","type-post","status-publish","format-standard","has-post-thumbnail","hentry","category-actividades"],"_links":{"self":[{"href":"https:\/\/www.semillasdelarte.com\/index.php?rest_route=\/wp\/v2\/posts\/454"}],"collection":[{"href":"https:\/\/www.semillasdelarte.com\/index.php?rest_route=\/wp\/v2\/posts"}],"about":[{"href":"https:\/\/www.semillasdelarte.com\/index.php?rest_route=\/wp\/v2\/types\/post"}],"author":[{"embeddable":true,"href":"https:\/\/www.semillasdelarte.com\/index.php?rest_route=\/wp\/v2\/users\/1"}],"replies":[{"embeddable":true,"href":"https:\/\/www.semillasdelarte.com\/index.php?rest_route=%2Fwp%2Fv2%2Fcomments&post=454"}],"version-history":[{"count":5,"href":"https:\/\/www.semillasdelarte.com\/index.php?rest_route=\/wp\/v2\/posts\/454\/revisions"}],"predecessor-version":[{"id":517,"href":"https:\/\/www.semillasdelarte.com\/index.php?rest_route=\/wp\/v2\/posts\/454\/revisions\/517"}],"wp:featuredmedia":[{"embeddable":true,"href":"https:\/\/www.semillasdelarte.com\/index.php?rest_route=\/wp\/v2\/media\/457"}],"wp:attachment":[{"href":"https:\/\/www.semillasdelarte.com\/index.php?rest_route=%2Fwp%2Fv2%2Fmedia&parent=454"}],"wp:term":[{"taxonomy":"category","embeddable":true,"href":"https:\/\/www.semillasdelarte.com\/index.php?rest_route=%2Fwp%2Fv2%2Fcategories&post=454"},{"taxonomy":"post_tag","embeddable":true,"href":"https:\/\/www.semillasdelarte.com\/index.php?rest_route=%2Fwp%2Fv2%2Ftags&post=454"}],"curies":[{"name":"wp","href":"https:\/\/api.w.org\/{rel}","templated":true}]}}